{"id":28830,"date":"2025-12-05T11:23:29","date_gmt":"2025-12-05T11:23:29","guid":{"rendered":"https:\/\/bvbarrancos.pt\/?p=28830"},"modified":"2025-12-05T11:23:29","modified_gmt":"2025-12-05T11:23:29","slug":"convocatoria-assembleia-geral-22-12-2025","status":"publish","type":"post","link":"https:\/\/bvbarrancos.pt\/?p=28830","title":{"rendered":"CONVOCAT\u00d3RIA ASSEMBLEIA GERAL 22\/12\/2025"},"content":{"rendered":"<p><strong><span style=\"font-size: 24pt;\">CONVOCAT\u00d3RIA<\/span><\/p>\n<p><\/strong><\/p>\n<p>Ao abrigo da compet\u00eancia conferida pelo artigo 36\u00ba. N\u00famero 2, al\u00ednea h) e artigo 40.\u00ba N\u00famero 2, al\u00edneas a) e b) dos Estatutos da Associa\u00e7\u00e3o Humanit\u00e1ria dos Bombeiros Volunt\u00e1rios de Barrancos, <a href=\"http:\/\/bvbarrancos.pt\/wp-content\/uploads\/2025\/12\/Convocatoria-AG-22_12_2025.jpg\">convoco a Assembleia Geral Ordin\u00e1ria de S\u00f3cios para dia 22 de Dezembro de 2025<\/a>, no Quartel\/Sede, com in\u00edcio \u00e0s 18h00m, com a seguinte ordem de trabalhos:<\/p>\n<p>&nbsp;<\/p>\n<p><strong><u>Ponto 1<\/u><\/strong>: Aprecia\u00e7\u00e3o e eventual aprova\u00e7\u00e3o da ata anterior;<\/p>\n<p><strong><u>Ponto 2<\/u><\/strong>: Aprecia\u00e7\u00e3o e eventual aprova\u00e7\u00e3o do Or\u00e7amento e Plano de Atividades para o ano de 2026.<\/p>\n<p><strong><u>Ponto3:<\/u><\/strong> Elei\u00e7\u00e3o dos \u00d3rg\u00e3os Sociais para o bi\u00e9nio 2026\/2027;<\/p>\n<p><strong><u>Ponto 4:<\/u><\/strong> Outros assuntos.<\/p>\n<p><strong>NOTA:<\/strong> &#8211; Se a hora marcada n\u00e3o houver qu\u00f3rum suficiente a mesma funcionar\u00e1 trinta minutos depois com qualquer n\u00famero de s\u00f3cios.<\/p>\n<p>Entretanto o Or\u00e7amento e Plano de Atividades para o ano de 2026, encontra-se \u00e0 disposi\u00e7\u00e3o para consulta de qualquer s\u00f3cio todos os dias \u00fateis das 09h00m \u00e0s 17h00m na Secretaria da Associa\u00e7\u00e3o, at\u00e9 dia 19 de Dezembro de 2025.<\/p>\n<p>Barrancos, 05 de Dezembro de 2025<\/p>\n<p>O Presidente da Mesa da Assembleia Geral,<\/p>\n<p>Jo\u00e3o Francisco Mendes Pica<\/p>\n","protected":false},"excerpt":{"rendered":"<p>CONVOCAT\u00d3RIA Ao abrigo da compet\u00eancia conferida pelo artigo 36\u00ba. N\u00famero 2, al\u00ednea h) e artigo 40.\u00ba N\u00famero 2, al\u00edneas a)<\/p>\n","protected":false},"author":2,"featured_media":714,"comment_status":"closed","ping_status":"closed","sticky":false,"template":"","format":"standard","meta":{"footnotes":"","_links_to":"","_links_to_target":""},"categories":[1],"tags":[],"class_list":["post-28830","post","type-post","status-publish","format-standard","has-post-thumbnail","hentry","category-noticias"],"_links":{"self":[{"href":"https:\/\/bvbarrancos.pt\/index.php?rest_route=\/wp\/v2\/posts\/28830","targetHints":{"allow":["GET"]}}],"collection":[{"href":"https:\/\/bvbarrancos.pt\/index.php?rest_route=\/wp\/v2\/posts"}],"about":[{"href":"https:\/\/bvbarrancos.pt\/index.php?rest_route=\/wp\/v2\/types\/post"}],"author":[{"embeddable":true,"href":"https:\/\/bvbarrancos.pt\/index.php?rest_route=\/wp\/v2\/users\/2"}],"replies":[{"embeddable":true,"href":"https:\/\/bvbarrancos.pt\/index.php?rest_route=%2Fwp%2Fv2%2Fcomments&post=28830"}],"version-history":[{"count":1,"href":"https:\/\/bvbarrancos.pt\/index.php?rest_route=\/wp\/v2\/posts\/28830\/revisions"}],"predecessor-version":[{"id":28831,"href":"https:\/\/bvbarrancos.pt\/index.php?rest_route=\/wp\/v2\/posts\/28830\/revisions\/28831"}],"wp:featuredmedia":[{"embeddable":true,"href":"https:\/\/bvbarrancos.pt\/index.php?rest_route=\/wp\/v2\/media\/714"}],"wp:attachment":[{"href":"https:\/\/bvbarrancos.pt\/index.php?rest_route=%2Fwp%2Fv2%2Fmedia&parent=28830"}],"wp:term":[{"taxonomy":"category","embeddable":true,"href":"https:\/\/bvbarrancos.pt\/index.php?rest_route=%2Fwp%2Fv2%2Fcategories&post=28830"},{"taxonomy":"post_tag","embeddable":true,"href":"https:\/\/bvbarrancos.pt\/index.php?rest_route=%2Fwp%2Fv2%2Ftags&post=28830"}],"curies":[{"name":"wp","href":"https:\/\/api.w.org\/{rel}","templated":true}]}}