{"id":28834,"date":"2025-12-10T08:00:40","date_gmt":"2025-12-10T08:00:40","guid":{"rendered":"https:\/\/bvbarrancos.pt\/?p=28834"},"modified":"2025-12-11T10:05:04","modified_gmt":"2025-12-11T10:05:04","slug":"informacao-mesa-assembleia-geral","status":"publish","type":"post","link":"https:\/\/bvbarrancos.pt\/?p=28834","title":{"rendered":"INFORMA\u00c7\u00c3O MESA ASSEMBLEIA GERAL"},"content":{"rendered":"<p><strong><u>INFORMA\u00c7\u00c3O<\/u><\/strong><\/p>\n<p>&nbsp;<\/p>\n<p>A Mesa da Assembleia Geral da Associa\u00e7\u00e3o Humanit\u00e1ria dos Bombeiros Volunt\u00e1rios de Barrancos <a href=\"http:\/\/bvbarrancos.pt\/wp-content\/uploads\/2025\/12\/Informacao-AG_10122025140131.jpg\">vem por este meio informar todos os s\u00f3cios<\/a> que ser\u00e3o aceites as listas concorrentes aos \u00d3rg\u00e3os Sociais para o Bi\u00e9nio 2026\/2027, at\u00e9 \u00e0s 18h00m do dia 22 de Dezembro, data da Assembleia Geral Ordin\u00e1ria.<\/p>\n<p>&nbsp;<\/p>\n<p>Barrancos, 10 de Dezembro de 2025<\/p>\n<p>&nbsp;<\/p>\n<p>O Presidente da Mesa da Assembleia Geral,<\/p>\n<p>Jo\u00e3o Francisco Mendes Pica<\/p>\n","protected":false},"excerpt":{"rendered":"<p>INFORMA\u00c7\u00c3O &nbsp; A Mesa da Assembleia Geral da Associa\u00e7\u00e3o Humanit\u00e1ria dos Bombeiros Volunt\u00e1rios de Barrancos vem por este meio informar<\/p>\n","protected":false},"author":2,"featured_media":762,"comment_status":"closed","ping_status":"closed","sticky":false,"template":"","format":"standard","meta":{"footnotes":"","_links_to":"","_links_to_target":""},"categories":[1],"tags":[],"class_list":["post-28834","post","type-post","status-publish","format-standard","has-post-thumbnail","hentry","category-noticias"],"_links":{"self":[{"href":"https:\/\/bvbarrancos.pt\/index.php?rest_route=\/wp\/v2\/posts\/28834","targetHints":{"allow":["GET"]}}],"collection":[{"href":"https:\/\/bvbarrancos.pt\/index.php?rest_route=\/wp\/v2\/posts"}],"about":[{"href":"https:\/\/bvbarrancos.pt\/index.php?rest_route=\/wp\/v2\/types\/post"}],"author":[{"embeddable":true,"href":"https:\/\/bvbarrancos.pt\/index.php?rest_route=\/wp\/v2\/users\/2"}],"replies":[{"embeddable":true,"href":"https:\/\/bvbarrancos.pt\/index.php?rest_route=%2Fwp%2Fv2%2Fcomments&post=28834"}],"version-history":[{"count":2,"href":"https:\/\/bvbarrancos.pt\/index.php?rest_route=\/wp\/v2\/posts\/28834\/revisions"}],"predecessor-version":[{"id":28836,"href":"https:\/\/bvbarrancos.pt\/index.php?rest_route=\/wp\/v2\/posts\/28834\/revisions\/28836"}],"wp:featuredmedia":[{"embeddable":true,"href":"https:\/\/bvbarrancos.pt\/index.php?rest_route=\/wp\/v2\/media\/762"}],"wp:attachment":[{"href":"https:\/\/bvbarrancos.pt\/index.php?rest_route=%2Fwp%2Fv2%2Fmedia&parent=28834"}],"wp:term":[{"taxonomy":"category","embeddable":true,"href":"https:\/\/bvbarrancos.pt\/index.php?rest_route=%2Fwp%2Fv2%2Fcategories&post=28834"},{"taxonomy":"post_tag","embeddable":true,"href":"https:\/\/bvbarrancos.pt\/index.php?rest_route=%2Fwp%2Fv2%2Ftags&post=28834"}],"curies":[{"name":"wp","href":"https:\/\/api.w.org\/{rel}","templated":true}]}}