{"id":606,"date":"2020-06-08T08:58:29","date_gmt":"2020-06-08T08:58:29","guid":{"rendered":"http:\/\/bvbarrancos.pt\/?p=606"},"modified":"2020-06-09T10:46:15","modified_gmt":"2020-06-09T10:46:15","slug":"covid-19-bombeiros-de-barrancos-realizaram-testes-de-despiste","status":"publish","type":"post","link":"https:\/\/bvbarrancos.pt\/?p=606","title":{"rendered":"COVID-19: Bombeiros de Barrancos realizaram testes de despiste"},"content":{"rendered":"<p>Nos dias 5 e 7 de Junho os elementos do Quadro de Comando e Quadro Ativo do Corpo de Bombeiros da Associa\u00e7\u00e3o Humanit\u00e1ria dos Bombeiros Volunt\u00e1rios de Barrancos deslocaram-se a Beja onde efetuaram rastreio serol\u00f3gico COVID-19.<\/p>\n<p><strong><u>TODOS OS TESTES REALIZADOS FORAM NEGATIVOS.<\/u><\/strong><\/p>\n<p>Os testes foram efetuados pelo Centro Acad\u00e9mico de Investiga\u00e7\u00e3o e Forma\u00e7\u00e3o Biom\u00e9dica do Algarve \u2013 Algarve Biomedical Center, que procederam \u00e0 recolha de amostras de sangue. De referir que estes testes serol\u00f3gicos permitem medir a presen\u00e7a de anticorpos contra um v\u00edrus no sangue e perceber se a pessoa esteve em contacto com o v\u00edrus e se adquiriu imunidade, o que n\u00e3o se confirmou com nenhum elemento do Corpo de Bombeiros de Barrancos.<\/p>\n<p>Esta a\u00e7\u00e3o de despistagem de COVID-19 foi coordenada pela Comunidade Intermunicipal do Baixo Alentejo (CIMBAL) com o apoio dos Munic\u00edpios.<\/p>\n","protected":false},"excerpt":{"rendered":"<p>Nos dias 5 e 7 de Junho os elementos do Quadro de Comando e Quadro Ativo do Corpo de Bombeiros<\/p>\n","protected":false},"author":2,"featured_media":607,"comment_status":"closed","ping_status":"closed","sticky":false,"template":"","format":"standard","meta":{"footnotes":"","_links_to":"","_links_to_target":""},"categories":[1],"tags":[],"class_list":["post-606","post","type-post","status-publish","format-standard","has-post-thumbnail","hentry","category-noticias"],"_links":{"self":[{"href":"https:\/\/bvbarrancos.pt\/index.php?rest_route=\/wp\/v2\/posts\/606","targetHints":{"allow":["GET"]}}],"collection":[{"href":"https:\/\/bvbarrancos.pt\/index.php?rest_route=\/wp\/v2\/posts"}],"about":[{"href":"https:\/\/bvbarrancos.pt\/index.php?rest_route=\/wp\/v2\/types\/post"}],"author":[{"embeddable":true,"href":"https:\/\/bvbarrancos.pt\/index.php?rest_route=\/wp\/v2\/users\/2"}],"replies":[{"embeddable":true,"href":"https:\/\/bvbarrancos.pt\/index.php?rest_route=%2Fwp%2Fv2%2Fcomments&post=606"}],"version-history":[{"count":5,"href":"https:\/\/bvbarrancos.pt\/index.php?rest_route=\/wp\/v2\/posts\/606\/revisions"}],"predecessor-version":[{"id":612,"href":"https:\/\/bvbarrancos.pt\/index.php?rest_route=\/wp\/v2\/posts\/606\/revisions\/612"}],"wp:featuredmedia":[{"embeddable":true,"href":"https:\/\/bvbarrancos.pt\/index.php?rest_route=\/wp\/v2\/media\/607"}],"wp:attachment":[{"href":"https:\/\/bvbarrancos.pt\/index.php?rest_route=%2Fwp%2Fv2%2Fmedia&parent=606"}],"wp:term":[{"taxonomy":"category","embeddable":true,"href":"https:\/\/bvbarrancos.pt\/index.php?rest_route=%2Fwp%2Fv2%2Fcategories&post=606"},{"taxonomy":"post_tag","embeddable":true,"href":"https:\/\/bvbarrancos.pt\/index.php?rest_route=%2Fwp%2Fv2%2Ftags&post=606"}],"curies":[{"name":"wp","href":"https:\/\/api.w.org\/{rel}","templated":true}]}}