{"id":627,"date":"2020-07-15T17:31:46","date_gmt":"2020-07-15T17:31:46","guid":{"rendered":"http:\/\/bvbarrancos.pt\/?p=627"},"modified":"2020-07-16T08:36:03","modified_gmt":"2020-07-16T08:36:03","slug":"decisoes-assembleia-geral-de-14-07-2020","status":"publish","type":"post","link":"https:\/\/bvbarrancos.pt\/?p=627","title":{"rendered":"DECIS\u00d5ES ASSEMBLEIA GERAL DE 14\/07\/2020"},"content":{"rendered":"<p>Reuniu, ontem, quarta- feira a Assembleia Geral da Associa\u00e7\u00e3o Humanit\u00e1ria dos Bombeiros Volunt\u00e1rios de Barrancos, tomando as seguintes decis\u00f5es:<\/p>\n<p><strong>Ponto 1:<\/strong> Aprovar, por unanimidade, a Ata da Sess\u00e3o anterior;<\/p>\n<p><strong>Ponto 2:<\/strong> Aprovar, por unanimidade, o Relat\u00f3rio e Contas de Ger\u00eancia de 2019;<\/p>\n<p><strong>Ponto 3:<\/strong> Aprovar, por unanimidade, a Proposta de substitui\u00e7\u00e3o da hipoteca existente;<\/p>\n<p><strong>Ponto 4:<\/strong> Aprovar, por unanimidade, a <a href=\"http:\/\/bvbarrancos.pt\/wp-content\/uploads\/2020\/07\/Regulamento-S\u00f3cio-Benem\u00e9rito.pdf\" target=\"_blank\" rel=\"noopener noreferrer\">Proposta de Regulamento de S\u00f3cio Benem\u00e9rito. (Clique aqui para consultar PDF)<\/a><\/p>\n<p>A Assembleia Geral decorreu no Cineteatro por motivos de seguran\u00e7a, de forma a garantir as recomenda\u00e7\u00f5es da DGS.<\/p>\n","protected":false},"excerpt":{"rendered":"<p>Reuniu, ontem, quarta- feira a Assembleia Geral da Associa\u00e7\u00e3o Humanit\u00e1ria dos Bombeiros Volunt\u00e1rios de Barrancos, tomando as seguintes decis\u00f5es: Ponto<\/p>\n","protected":false},"author":2,"featured_media":629,"comment_status":"closed","ping_status":"closed","sticky":false,"template":"","format":"standard","meta":{"footnotes":"","_links_to":"","_links_to_target":""},"categories":[1],"tags":[],"class_list":["post-627","post","type-post","status-publish","format-standard","has-post-thumbnail","hentry","category-noticias"],"_links":{"self":[{"href":"https:\/\/bvbarrancos.pt\/index.php?rest_route=\/wp\/v2\/posts\/627","targetHints":{"allow":["GET"]}}],"collection":[{"href":"https:\/\/bvbarrancos.pt\/index.php?rest_route=\/wp\/v2\/posts"}],"about":[{"href":"https:\/\/bvbarrancos.pt\/index.php?rest_route=\/wp\/v2\/types\/post"}],"author":[{"embeddable":true,"href":"https:\/\/bvbarrancos.pt\/index.php?rest_route=\/wp\/v2\/users\/2"}],"replies":[{"embeddable":true,"href":"https:\/\/bvbarrancos.pt\/index.php?rest_route=%2Fwp%2Fv2%2Fcomments&post=627"}],"version-history":[{"count":5,"href":"https:\/\/bvbarrancos.pt\/index.php?rest_route=\/wp\/v2\/posts\/627\/revisions"}],"predecessor-version":[{"id":634,"href":"https:\/\/bvbarrancos.pt\/index.php?rest_route=\/wp\/v2\/posts\/627\/revisions\/634"}],"wp:featuredmedia":[{"embeddable":true,"href":"https:\/\/bvbarrancos.pt\/index.php?rest_route=\/wp\/v2\/media\/629"}],"wp:attachment":[{"href":"https:\/\/bvbarrancos.pt\/index.php?rest_route=%2Fwp%2Fv2%2Fmedia&parent=627"}],"wp:term":[{"taxonomy":"category","embeddable":true,"href":"https:\/\/bvbarrancos.pt\/index.php?rest_route=%2Fwp%2Fv2%2Fcategories&post=627"},{"taxonomy":"post_tag","embeddable":true,"href":"https:\/\/bvbarrancos.pt\/index.php?rest_route=%2Fwp%2Fv2%2Ftags&post=627"}],"curies":[{"name":"wp","href":"https:\/\/api.w.org\/{rel}","templated":true}]}}