{"id":667,"date":"2020-12-04T11:04:23","date_gmt":"2020-12-04T11:04:23","guid":{"rendered":"http:\/\/bvbarrancos.pt\/?p=667"},"modified":"2020-12-04T11:04:23","modified_gmt":"2020-12-04T11:04:23","slug":"convocatoria-assembleia-geral-2","status":"publish","type":"post","link":"https:\/\/bvbarrancos.pt\/?p=667","title":{"rendered":"Convocat\u00f3ria Assembleia Geral"},"content":{"rendered":"<p>Ao abrigo da compet\u00eancia conferida pelo artigo 36\u00ba. N\u00famero 2, al\u00ednea h) dos Estatutos da Associa\u00e7\u00e3o Humanit\u00e1ria dos Bombeiros Volunt\u00e1rios de Barrancos, <a href=\"http:\/\/bvbarrancos.pt\/wp-content\/uploads\/2020\/12\/Convocatoria-AG-16122020.pdf\">convoco a Assembleia Geral Ordin\u00e1ria <\/a>de S\u00f3cios para dia 16 de Dezembro de 2020, no Cineteatro, com in\u00edcio \u00e0s 20,30 horas, com a seguinte ordem de trabalhos:<\/p>\n<p>&nbsp;<\/p>\n<p><strong><u>Ponto 1<\/u><\/strong>: Aprecia\u00e7\u00e3o e aprova\u00e7\u00e3o da ata anterior;<\/p>\n<p><strong><u>Ponto 2<\/u><\/strong>: Aprecia\u00e7\u00e3o e eventual aprova\u00e7\u00e3o do or\u00e7amento e plano de atividades para o ano de 2021.<\/p>\n<p><strong><u>Ponto 3:<\/u><\/strong> Outros assuntos:<\/p>\n<p>&nbsp;<\/p>\n<p>NOTA: &#8211; Se a hora marcada n\u00e3o houver qu\u00f3rum suficiente a mesma funcionar\u00e1 trinta minutos depois com qualquer n\u00famero de s\u00f3cios.<\/p>\n<p>&nbsp;<\/p>\n<p>Entretanto o Or\u00e7amento e Plano de Atividade para o ano de 2021, encontra-se \u00e0 disposi\u00e7\u00e3o para consulta de qualquer s\u00f3cio todos os dias \u00fateis das 09,00 \u00e0s 17,00 horas na Secretaria da Associa\u00e7\u00e3o, at\u00e9 dia 14 de Dezembro de 2020.<\/p>\n<p>&nbsp;<\/p>\n<p>Todavia e por for\u00e7a da situa\u00e7\u00e3o vivida em todo o mundo com a pandemia do Covid-19, solicita-se a compreens\u00e3o de todos os s\u00f3cios que queiram estar presente na referida Assembleia que o fa\u00e7am acompanhado da respetiva m\u00e1scara.<\/p>\n<p>&nbsp;<\/p>\n<p>&nbsp;<\/p>\n<p>Barrancos, 04 de Dezembro de 2020<\/p>\n<p>&nbsp;<\/p>\n<p>O Presidente da Mesa da Assembleia Geral,<\/p>\n<p>Jo\u00e3o Francisco Mendes Pica<\/p>\n<p>&nbsp;<\/p>\n","protected":false},"excerpt":{"rendered":"<p>Ao abrigo da compet\u00eancia conferida pelo artigo 36\u00ba. N\u00famero 2, al\u00ednea h) dos Estatutos da Associa\u00e7\u00e3o Humanit\u00e1ria dos Bombeiros Volunt\u00e1rios<\/p>\n","protected":false},"author":2,"featured_media":668,"comment_status":"closed","ping_status":"closed","sticky":false,"template":"","format":"standard","meta":{"footnotes":"","_links_to":"","_links_to_target":""},"categories":[1],"tags":[],"class_list":["post-667","post","type-post","status-publish","format-standard","has-post-thumbnail","hentry","category-noticias"],"_links":{"self":[{"href":"https:\/\/bvbarrancos.pt\/index.php?rest_route=\/wp\/v2\/posts\/667","targetHints":{"allow":["GET"]}}],"collection":[{"href":"https:\/\/bvbarrancos.pt\/index.php?rest_route=\/wp\/v2\/posts"}],"about":[{"href":"https:\/\/bvbarrancos.pt\/index.php?rest_route=\/wp\/v2\/types\/post"}],"author":[{"embeddable":true,"href":"https:\/\/bvbarrancos.pt\/index.php?rest_route=\/wp\/v2\/users\/2"}],"replies":[{"embeddable":true,"href":"https:\/\/bvbarrancos.pt\/index.php?rest_route=%2Fwp%2Fv2%2Fcomments&post=667"}],"version-history":[{"count":2,"href":"https:\/\/bvbarrancos.pt\/index.php?rest_route=\/wp\/v2\/posts\/667\/revisions"}],"predecessor-version":[{"id":670,"href":"https:\/\/bvbarrancos.pt\/index.php?rest_route=\/wp\/v2\/posts\/667\/revisions\/670"}],"wp:featuredmedia":[{"embeddable":true,"href":"https:\/\/bvbarrancos.pt\/index.php?rest_route=\/wp\/v2\/media\/668"}],"wp:attachment":[{"href":"https:\/\/bvbarrancos.pt\/index.php?rest_route=%2Fwp%2Fv2%2Fmedia&parent=667"}],"wp:term":[{"taxonomy":"category","embeddable":true,"href":"https:\/\/bvbarrancos.pt\/index.php?rest_route=%2Fwp%2Fv2%2Fcategories&post=667"},{"taxonomy":"post_tag","embeddable":true,"href":"https:\/\/bvbarrancos.pt\/index.php?rest_route=%2Fwp%2Fv2%2Ftags&post=667"}],"curies":[{"name":"wp","href":"https:\/\/api.w.org\/{rel}","templated":true}]}}