{"id":871,"date":"2024-01-09T14:52:38","date_gmt":"2024-01-09T14:52:38","guid":{"rendered":"https:\/\/bvbarrancos.pt\/?p=871"},"modified":"2024-01-09T14:52:38","modified_gmt":"2024-01-09T14:52:38","slug":"orgaos-sociais-2024-2025","status":"publish","type":"post","link":"https:\/\/bvbarrancos.pt\/?p=871","title":{"rendered":"\u00d3RG\u00c3OS SOCIAIS 2024\/2025"},"content":{"rendered":"<p><span style=\"font-size: 14pt;\">No dia 19 de Dezembro de 2023 realizou-se Assembleia Geral Ordin\u00e1ria onde, entre v\u00e1rios assuntos da Ordem de Trabalhos, foram eleitos os novos \u00d3rg\u00e3os Sociais para o bi\u00e9nio 2024\/2025.<\/span><br \/>\n<span style=\"font-size: 14pt;\">Os \u00d3rg\u00e3os Sociais eleitos tomaram posse em cerim\u00f3nia realizada ontem, dia 8 de Janeiro, no Quartel\/Sede da Associa\u00e7\u00e3o Humanit\u00e1ria dos Bombeiros Volunt\u00e1rios de Barrancos.<\/span><br \/>\n<span style=\"font-size: 14pt;\">Assim sendo, os \u00d3rg\u00e3os Sociais para o bi\u00e9nio 2024\/2025 s\u00e3o:<\/span><\/p>\n<p><strong><u>Mesa Assembleia Geral<br \/>\n<\/u><\/strong>\u00a0(CARGO, NOME e n.\u00ba s\u00f3cio)<\/p>\n<p><strong>Presidente \u2013 <\/strong>Jo\u00e3o Francisco Mendes Pica \u2013 S\u00f3cio n.\u00ba 874<br \/>\n<strong>Vice-presidente \u2013<\/strong> Maria Margarida Alcario Burgos \u2013 S\u00f3cio n.\u00ba 19<br \/>\n<strong>Secret\u00e1rio \u2013<\/strong> Carlos Filipe Ramos L\u00e9rias \u2013 S\u00f3cio n.\u00ba 567<br \/>\n<strong>Suplente 1 \u2013 <\/strong>Jacinto Domingos Mendes Saramago \u2013 S\u00f3cio n.\u00ba 1743<br \/>\n<strong>Suplente 2<\/strong> \u2013 Rui Miguel Rico R\u00fabio \u2013 S\u00f3cio n.\u00ba 1975<\/p>\n<p><strong><u>Dire\u00e7\u00e3o<br \/>\n<\/u><\/strong>\u00a0(CARGO, NOME e n.\u00ba s\u00f3cio)<\/p>\n<p><strong>Presidente \u2013<\/strong> Jos\u00e9 Domingos Mendes Marques \u2013 S\u00f3cio n.\u00ba 7<br \/>\n<strong>Vice-presidente \u2013<\/strong> Domingos Maria Ruivo Pica \u2013 S\u00f3cio n.\u00ba 1148<br \/>\n<strong>Secretario \u2013<\/strong> Daniela Isabel Rodrigues Cortegano \u2013 S\u00f3cio n.\u00ba 1886<br \/>\n<strong>Tesoureiro \u2013<\/strong> Francisco Jos\u00e9 Nunes Gabriel Bossa \u2013 S\u00f3cio n.\u00ba 1546<br \/>\n<strong>Vogal \u2013<\/strong> Domingos Pelicano Mondrag\u00e3o \u2013 S\u00f3cio n.\u00ba 1116<br \/>\n<strong>Suplente 1 \u2013<\/strong> Filipe Jos\u00e9 Barrocal Marcelo \u2013 S\u00f3cio n.\u00ba 42<br \/>\n<strong>Suplente 2 \u2013<\/strong> Ilda da Concei\u00e7\u00e3o B. Abade Baleiz\u00e3o \u2013 S\u00f3cio n.\u00ba 1963<\/p>\n<p><strong><u>Conselho Fiscal<br \/>\n<\/u><\/strong>\u00a0(CARGO, NOME e n.\u00ba s\u00f3cio)<\/p>\n<p><strong>Presidente \u2013<\/strong> S\u00e9rgio Manuel Bartolo Seg\u00e3o \u2013 S\u00f3cio n.\u00ba 1598<br \/>\n<strong>Vice-presidente \u2013 <\/strong>Alexandra Maria Alves Pica Bergano \u2013 S\u00f3cio n.\u00ba 1968<br \/>\n<strong>Secret\u00e1rio Relator \u2013 <\/strong>Ad\u00edlia Morgado B. Ferreira Pelicano \u2013 S\u00f3cio n.\u00ba 1966<br \/>\n<strong>Suplente \u2013<\/strong> Susana Maria Dur\u00e3o Bergano \u2013 S\u00f3cio n.\u00ba 1551<\/p>\n<p><span style=\"font-size: 14pt;\">Desejamos sorte aos \u00d3rg\u00e3os Sociais eleitos para o cumprimento da sua miss\u00e3o e condu\u00e7\u00e3o dos destinos da Associa\u00e7\u00e3o Humanit\u00e1ria dos Bombeiros Volunt\u00e1rios de Barrancos.<\/span><\/p>\n","protected":false},"excerpt":{"rendered":"<p>No dia 19 de Dezembro de 2023 realizou-se Assembleia Geral Ordin\u00e1ria onde, entre v\u00e1rios assuntos da Ordem de Trabalhos, foram<\/p>\n","protected":false},"author":2,"featured_media":738,"comment_status":"closed","ping_status":"closed","sticky":false,"template":"","format":"standard","meta":{"footnotes":"","_links_to":"","_links_to_target":""},"categories":[1],"tags":[],"class_list":["post-871","post","type-post","status-publish","format-standard","has-post-thumbnail","hentry","category-noticias"],"_links":{"self":[{"href":"https:\/\/bvbarrancos.pt\/index.php?rest_route=\/wp\/v2\/posts\/871","targetHints":{"allow":["GET"]}}],"collection":[{"href":"https:\/\/bvbarrancos.pt\/index.php?rest_route=\/wp\/v2\/posts"}],"about":[{"href":"https:\/\/bvbarrancos.pt\/index.php?rest_route=\/wp\/v2\/types\/post"}],"author":[{"embeddable":true,"href":"https:\/\/bvbarrancos.pt\/index.php?rest_route=\/wp\/v2\/users\/2"}],"replies":[{"embeddable":true,"href":"https:\/\/bvbarrancos.pt\/index.php?rest_route=%2Fwp%2Fv2%2Fcomments&post=871"}],"version-history":[{"count":2,"href":"https:\/\/bvbarrancos.pt\/index.php?rest_route=\/wp\/v2\/posts\/871\/revisions"}],"predecessor-version":[{"id":873,"href":"https:\/\/bvbarrancos.pt\/index.php?rest_route=\/wp\/v2\/posts\/871\/revisions\/873"}],"wp:featuredmedia":[{"embeddable":true,"href":"https:\/\/bvbarrancos.pt\/index.php?rest_route=\/wp\/v2\/media\/738"}],"wp:attachment":[{"href":"https:\/\/bvbarrancos.pt\/index.php?rest_route=%2Fwp%2Fv2%2Fmedia&parent=871"}],"wp:term":[{"taxonomy":"category","embeddable":true,"href":"https:\/\/bvbarrancos.pt\/index.php?rest_route=%2Fwp%2Fv2%2Fcategories&post=871"},{"taxonomy":"post_tag","embeddable":true,"href":"https:\/\/bvbarrancos.pt\/index.php?rest_route=%2Fwp%2Fv2%2Ftags&post=871"}],"curies":[{"name":"wp","href":"https:\/\/api.w.org\/{rel}","templated":true}]}}